{"id":2081,"date":"2016-01-17T16:16:49","date_gmt":"2016-01-17T15:16:49","guid":{"rendered":"https:\/\/www.hotellapaul.it\/?p=2081"},"modified":"2026-01-06T11:11:37","modified_gmt":"2026-01-06T10:11:37","slug":"fieragricola-verona-foire-center","status":"publish","type":"post","link":"https:\/\/www.hotellapaul.it\/fr\/fieragricola-verona-foire-center\/","title":{"rendered":"FierAgricola &#8211; Verona Foire Center"},"content":{"rendered":"\n<h2 class=\"wp-block-heading\">FierAgricola<\/h2>\n\n\n\n<h3 class=\"wp-block-heading\">Verona Foire Center Janvier &#8211;\u00a0f\u00e9vrier <\/h3>\n\n\n\n<p>Fieragricola \u00e0 V\u00e9rone Exhibition Center est propos\u00e9 depuis plus d&rsquo;un si\u00e8cle comme l&rsquo;\u00e9v\u00e9nement international le plus important sur l&rsquo;agriculture et l&rsquo;\u00e9levage ainsi avec une s\u00e9lection compl\u00e8te des deux r\u00e9unions que les produits et les machines du secteur agricole.<\/p>\n\n\n\n<p>Foire agricole est de plus en plus concern\u00e9s par les politiques agricoles de la communaut\u00e9 europ\u00e9enne et de nouveaux d\u00e9veloppements dans l&rsquo;industrie gr\u00e2ce \u00e0 la diversit\u00e9 biologique et g\u00e9n\u00e9tique v\u00e9g\u00e9tale, il y a pr\u00e9vu des \u00e9v\u00e9nements et des forums pour traiter sp\u00e9cifiquement ces nouveaux th\u00e8mes. Dans le calendrier, il y a des conf\u00e9rences, des \u00e9v\u00e9nements et des produits innovants pour tous les op\u00e9rateurs dans le secteur agricole, les entrepreneurs, les agriculteurs, les entreprises de m\u00e9canisation agricole, v\u00e9t\u00e9rinaire, l&rsquo;industrie manufacturi\u00e8re et agricole venfita d&rsquo;alimentation des machines et des animaux.<\/p>\n\n\n\n<p>Le salon est divis\u00e9 en cinq zones th\u00e9matiques: machines et \u00e9quipements agricoles, Agrosupplies et plantes g\u00e9n\u00e9tique, les services de l&rsquo;agriculture, l&rsquo;agriculture, les \u00e9nergies renouvelables.<\/p>\n\n\n\n<p>Machines et mat\u00e9riel agricoles: tracteurs, machines et \u00e9quipements pour le travail du sol, semis, irrigation, fertilisation, traitements, la r\u00e9colte, le stockage et le transport, les composants, moteurs et \u00e9quipements, mat\u00e9riel forestier et de gestion vert<br>Agrosupplies et la g\u00e9n\u00e9tique des plantes: \u00e9quipements techniques et machines<br>services de l&rsquo;agriculture: les entreprises et les organismes de recherche, les banques, les compagnies d&rsquo;assurance, comment faire la diff\u00e9rence et les actifs que les sources de revenus<br>Elevage: technologies, machines et produits pour l&rsquo;\u00e9levage, l&rsquo;alimentation des animaux, la reproduction, v\u00e9t\u00e9rinaire; sp\u00e9cifiquement pour le lait et la viande<br>Energies renouvelables: nouvelles technologies, de nouveaux produits, leur utilisation entra\u00eene des \u00e9conomies de co\u00fbts dans la gestion et la production; points de contact entre la production d&rsquo;\u00e9nergie renouvelable et les exploitants agricoles<\/p>\n\n\n\n<p><strong>HEURES<\/strong><br>de 9h00 \u00e0 18h00<\/p>\n\n\n\n<p><strong>BILLETS<\/strong><br>Entr\u00e9es: Can Grande \u2013 San Zeno \u2013 roi Th\u00e9odoric<br>Plein tarif \u20ac 15<br>Concessions \u20ac 10 \u2013 basmbini 6-12 ans + plus de 65 + \u00e9tudiants<br>Inscription \u20ac 28<\/p>\n\n\n\n<figure class=\"wp-block-image\"><a href=\"https:\/\/www.hotellapaul.it\/wp-content\/uploads\/2016\/01\/fieragricola-logo.jpg\"><img loading=\"lazy\" decoding=\"async\" width=\"230\" height=\"144\" src=\"https:\/\/www.hotellapaul.it\/wp-content\/uploads\/2016\/01\/fieragricola-logo.jpg\" alt=\"fieragricola\" class=\"wp-image-2077\" title=\"fieragricola\"\/><\/a><\/figure>\n\n\n\n<div class=\"wp-block-buttons is-content-justification-center is-layout-flex wp-container-core-buttons-is-layout-16018d1d wp-block-buttons-is-layout-flex\">\n<div class=\"wp-block-button\"><a class=\"wp-block-button__link wp-element-button\" href=\"https:\/\/reservations.verticalbooking.com\/\/premium\/index_pacchetti_2.html?id_albergo=25853&amp;dc=6560&amp;lingua_int=fra&amp;id_stile=19786&amp;id_prodotto_sel=20\" target=\"_blank\" rel=\"noreferrer noopener\">VOIR LES PRIX ET LES OFFRES<\/a><\/div>\n<\/div>\n","protected":false},"excerpt":{"rendered":"<p>FierAgricola Verona Foire Center Janvier &#8211;\u00a0f\u00e9vrier Fieragricola \u00e0 V\u00e9rone Exhibition Center est [&hellip;]<\/p>\n","protected":false},"author":2,"featured_media":8977,"comment_status":"closed","ping_status":"closed","sticky":false,"template":"","format":"standard","meta":{"_acf_changed":false,"footnotes":""},"categories":[62],"tags":[],"class_list":["post-2081","post","type-post","status-publish","format-standard","has-post-thumbnail","hentry","category-evenements-passes"],"acf":[],"yoast_head":"<!-- This site is optimized with the Yoast SEO plugin v27.5 - https:\/\/yoast.com\/product\/yoast-seo-wordpress\/ -->\n<title>FierAgricola | Verona Foire Center | Hotel La Paul<\/title>\n<meta name=\"description\" content=\"Fieragricola plus en plus int\u00e9ress\u00e9 par les politiques agricoles de la communaut\u00e9 europ\u00e9enne et \u00e0 de nouveaux d\u00e9veloppements dans le secteur gr\u00e2ce \u00e0 la diversit\u00e9 biologique et g\u00e9n\u00e9tique v\u00e9g\u00e9tale\" \/>\n<meta name=\"robots\" content=\"index, follow, max-snippet:-1, max-image-preview:large, max-video-preview:-1\" \/>\n<link rel=\"canonical\" href=\"https:\/\/www.hotellapaul.it\/centro-fiere-verona-fieragricola\/\" \/>\n<meta property=\"og:locale\" content=\"fr_FR\" \/>\n<meta property=\"og:type\" content=\"article\" \/>\n<meta property=\"og:title\" content=\"FierAgricola | Verona Foire Center | Hotel La Paul\" \/>\n<meta property=\"og:description\" content=\"Fieragricola plus en plus int\u00e9ress\u00e9 par les politiques agricoles de la communaut\u00e9 europ\u00e9enne et \u00e0 de nouveaux d\u00e9veloppements dans le secteur gr\u00e2ce \u00e0 la diversit\u00e9 biologique et g\u00e9n\u00e9tique v\u00e9g\u00e9tale\" \/>\n<meta property=\"og:url\" content=\"https:\/\/www.hotellapaul.it\/centro-fiere-verona-fieragricola\/\" \/>\n<meta property=\"og:site_name\" content=\"Hotel La Paul\" \/>\n<meta property=\"article:published_time\" content=\"2016-01-17T15:16:49+00:00\" \/>\n<meta property=\"article:modified_time\" content=\"2026-01-06T10:11:37+00:00\" \/>\n<meta property=\"og:image\" content=\"https:\/\/www.hotellapaul.it\/wp-content\/uploads\/2016\/01\/fiera-Fieragricola-verona-1024.jpg\" \/>\n\t<meta property=\"og:image:width\" content=\"1024\" \/>\n\t<meta property=\"og:image:height\" content=\"768\" \/>\n\t<meta property=\"og:image:type\" content=\"image\/jpeg\" \/>\n<meta name=\"author\" content=\"Pierpaolo Betta\" \/>\n<meta name=\"twitter:card\" content=\"summary_large_image\" \/>\n<meta name=\"twitter:label1\" content=\"\u00c9crit par\" \/>\n\t<meta name=\"twitter:data1\" content=\"Pierpaolo Betta\" \/>\n\t<meta name=\"twitter:label2\" content=\"Dur\u00e9e de lecture estim\u00e9e\" \/>\n\t<meta name=\"twitter:data2\" content=\"3 minutes\" \/>\n<script type=\"application\/ld+json\" class=\"yoast-schema-graph\">{\"@context\":\"https:\\\/\\\/schema.org\",\"@graph\":[{\"@type\":\"Article\",\"@id\":\"https:\\\/\\\/www.hotellapaul.it\\\/centro-fiere-verona-fieragricola\\\/#article\",\"isPartOf\":{\"@id\":\"https:\\\/\\\/www.hotellapaul.it\\\/centro-fiere-verona-fieragricola\\\/\"},\"author\":{\"name\":\"Pierpaolo Betta\",\"@id\":\"https:\\\/\\\/www.hotellapaul.it\\\/#\\\/schema\\\/person\\\/21932f7d6404e90d5c2cd4421acb50c0\"},\"headline\":\"FierAgricola &#8211; Verona Foire Center\",\"datePublished\":\"2016-01-17T15:16:49+00:00\",\"dateModified\":\"2026-01-06T10:11:37+00:00\",\"mainEntityOfPage\":{\"@id\":\"https:\\\/\\\/www.hotellapaul.it\\\/centro-fiere-verona-fieragricola\\\/\"},\"wordCount\":362,\"image\":{\"@id\":\"https:\\\/\\\/www.hotellapaul.it\\\/centro-fiere-verona-fieragricola\\\/#primaryimage\"},\"thumbnailUrl\":\"https:\\\/\\\/www.hotellapaul.it\\\/wp-content\\\/uploads\\\/2016\\\/01\\\/fiera-Fieragricola-verona-1024.jpg\",\"articleSection\":[\"\u00e9v\u00e9nements pass\u00e9s\"],\"inLanguage\":\"fr-FR\"},{\"@type\":\"WebPage\",\"@id\":\"https:\\\/\\\/www.hotellapaul.it\\\/centro-fiere-verona-fieragricola\\\/\",\"url\":\"https:\\\/\\\/www.hotellapaul.it\\\/centro-fiere-verona-fieragricola\\\/\",\"name\":\"FierAgricola | Verona Foire Center | Hotel La Paul\",\"isPartOf\":{\"@id\":\"https:\\\/\\\/www.hotellapaul.it\\\/#website\"},\"primaryImageOfPage\":{\"@id\":\"https:\\\/\\\/www.hotellapaul.it\\\/centro-fiere-verona-fieragricola\\\/#primaryimage\"},\"image\":{\"@id\":\"https:\\\/\\\/www.hotellapaul.it\\\/centro-fiere-verona-fieragricola\\\/#primaryimage\"},\"thumbnailUrl\":\"https:\\\/\\\/www.hotellapaul.it\\\/wp-content\\\/uploads\\\/2016\\\/01\\\/fiera-Fieragricola-verona-1024.jpg\",\"datePublished\":\"2016-01-17T15:16:49+00:00\",\"dateModified\":\"2026-01-06T10:11:37+00:00\",\"author\":{\"@id\":\"https:\\\/\\\/www.hotellapaul.it\\\/#\\\/schema\\\/person\\\/21932f7d6404e90d5c2cd4421acb50c0\"},\"description\":\"Fieragricola plus en plus int\u00e9ress\u00e9 par les politiques agricoles de la communaut\u00e9 europ\u00e9enne et \u00e0 de nouveaux d\u00e9veloppements dans le secteur gr\u00e2ce \u00e0 la diversit\u00e9 biologique et g\u00e9n\u00e9tique v\u00e9g\u00e9tale\",\"breadcrumb\":{\"@id\":\"https:\\\/\\\/www.hotellapaul.it\\\/centro-fiere-verona-fieragricola\\\/#breadcrumb\"},\"inLanguage\":\"fr-FR\",\"potentialAction\":[{\"@type\":\"ReadAction\",\"target\":[\"https:\\\/\\\/www.hotellapaul.it\\\/centro-fiere-verona-fieragricola\\\/\"]}]},{\"@type\":\"ImageObject\",\"inLanguage\":\"fr-FR\",\"@id\":\"https:\\\/\\\/www.hotellapaul.it\\\/centro-fiere-verona-fieragricola\\\/#primaryimage\",\"url\":\"https:\\\/\\\/www.hotellapaul.it\\\/wp-content\\\/uploads\\\/2016\\\/01\\\/fiera-Fieragricola-verona-1024.jpg\",\"contentUrl\":\"https:\\\/\\\/www.hotellapaul.it\\\/wp-content\\\/uploads\\\/2016\\\/01\\\/fiera-Fieragricola-verona-1024.jpg\",\"width\":1024,\"height\":768,\"caption\":\"fiera-Fieragricola-verona\"},{\"@type\":\"BreadcrumbList\",\"@id\":\"https:\\\/\\\/www.hotellapaul.it\\\/centro-fiere-verona-fieragricola\\\/#breadcrumb\",\"itemListElement\":[{\"@type\":\"ListItem\",\"position\":1,\"name\":\"Home\",\"item\":\"https:\\\/\\\/www.hotellapaul.it\\\/fr\\\/\"},{\"@type\":\"ListItem\",\"position\":2,\"name\":\"FierAgricola &#8211; Verona Foire Center\"}]},{\"@type\":\"WebSite\",\"@id\":\"https:\\\/\\\/www.hotellapaul.it\\\/#website\",\"url\":\"https:\\\/\\\/www.hotellapaul.it\\\/\",\"name\":\"Hotel La Paul\",\"description\":\"Hotel dal 1958 a Sirmione\",\"potentialAction\":[{\"@type\":\"SearchAction\",\"target\":{\"@type\":\"EntryPoint\",\"urlTemplate\":\"https:\\\/\\\/www.hotellapaul.it\\\/?s={search_term_string}\"},\"query-input\":{\"@type\":\"PropertyValueSpecification\",\"valueRequired\":true,\"valueName\":\"search_term_string\"}}],\"inLanguage\":\"fr-FR\"},{\"@type\":\"Person\",\"@id\":\"https:\\\/\\\/www.hotellapaul.it\\\/#\\\/schema\\\/person\\\/21932f7d6404e90d5c2cd4421acb50c0\",\"name\":\"Pierpaolo Betta\",\"sameAs\":[\"http:\\\/\\\/hotellapaul.it\"],\"url\":\"https:\\\/\\\/www.hotellapaul.it\\\/fr\\\/author\\\/pier\\\/\"}]}<\/script>\n<!-- \/ Yoast SEO plugin. -->","yoast_head_json":{"title":"FierAgricola | Verona Foire Center | Hotel La Paul","description":"Fieragricola plus en plus int\u00e9ress\u00e9 par les politiques agricoles de la communaut\u00e9 europ\u00e9enne et \u00e0 de nouveaux d\u00e9veloppements dans le secteur gr\u00e2ce \u00e0 la diversit\u00e9 biologique et g\u00e9n\u00e9tique v\u00e9g\u00e9tale","robots":{"index":"index","follow":"follow","max-snippet":"max-snippet:-1","max-image-preview":"max-image-preview:large","max-video-preview":"max-video-preview:-1"},"canonical":"https:\/\/www.hotellapaul.it\/centro-fiere-verona-fieragricola\/","og_locale":"fr_FR","og_type":"article","og_title":"FierAgricola | Verona Foire Center | Hotel La Paul","og_description":"Fieragricola plus en plus int\u00e9ress\u00e9 par les politiques agricoles de la communaut\u00e9 europ\u00e9enne et \u00e0 de nouveaux d\u00e9veloppements dans le secteur gr\u00e2ce \u00e0 la diversit\u00e9 biologique et g\u00e9n\u00e9tique v\u00e9g\u00e9tale","og_url":"https:\/\/www.hotellapaul.it\/centro-fiere-verona-fieragricola\/","og_site_name":"Hotel La Paul","article_published_time":"2016-01-17T15:16:49+00:00","article_modified_time":"2026-01-06T10:11:37+00:00","og_image":[{"width":1024,"height":768,"url":"https:\/\/www.hotellapaul.it\/wp-content\/uploads\/2016\/01\/fiera-Fieragricola-verona-1024.jpg","type":"image\/jpeg"}],"author":"Pierpaolo Betta","twitter_card":"summary_large_image","twitter_misc":{"\u00c9crit par":"Pierpaolo Betta","Dur\u00e9e de lecture estim\u00e9e":"3 minutes"},"schema":{"@context":"https:\/\/schema.org","@graph":[{"@type":"Article","@id":"https:\/\/www.hotellapaul.it\/centro-fiere-verona-fieragricola\/#article","isPartOf":{"@id":"https:\/\/www.hotellapaul.it\/centro-fiere-verona-fieragricola\/"},"author":{"name":"Pierpaolo Betta","@id":"https:\/\/www.hotellapaul.it\/#\/schema\/person\/21932f7d6404e90d5c2cd4421acb50c0"},"headline":"FierAgricola &#8211; Verona Foire Center","datePublished":"2016-01-17T15:16:49+00:00","dateModified":"2026-01-06T10:11:37+00:00","mainEntityOfPage":{"@id":"https:\/\/www.hotellapaul.it\/centro-fiere-verona-fieragricola\/"},"wordCount":362,"image":{"@id":"https:\/\/www.hotellapaul.it\/centro-fiere-verona-fieragricola\/#primaryimage"},"thumbnailUrl":"https:\/\/www.hotellapaul.it\/wp-content\/uploads\/2016\/01\/fiera-Fieragricola-verona-1024.jpg","articleSection":["\u00e9v\u00e9nements pass\u00e9s"],"inLanguage":"fr-FR"},{"@type":"WebPage","@id":"https:\/\/www.hotellapaul.it\/centro-fiere-verona-fieragricola\/","url":"https:\/\/www.hotellapaul.it\/centro-fiere-verona-fieragricola\/","name":"FierAgricola | Verona Foire Center | Hotel La Paul","isPartOf":{"@id":"https:\/\/www.hotellapaul.it\/#website"},"primaryImageOfPage":{"@id":"https:\/\/www.hotellapaul.it\/centro-fiere-verona-fieragricola\/#primaryimage"},"image":{"@id":"https:\/\/www.hotellapaul.it\/centro-fiere-verona-fieragricola\/#primaryimage"},"thumbnailUrl":"https:\/\/www.hotellapaul.it\/wp-content\/uploads\/2016\/01\/fiera-Fieragricola-verona-1024.jpg","datePublished":"2016-01-17T15:16:49+00:00","dateModified":"2026-01-06T10:11:37+00:00","author":{"@id":"https:\/\/www.hotellapaul.it\/#\/schema\/person\/21932f7d6404e90d5c2cd4421acb50c0"},"description":"Fieragricola plus en plus int\u00e9ress\u00e9 par les politiques agricoles de la communaut\u00e9 europ\u00e9enne et \u00e0 de nouveaux d\u00e9veloppements dans le secteur gr\u00e2ce \u00e0 la diversit\u00e9 biologique et g\u00e9n\u00e9tique v\u00e9g\u00e9tale","breadcrumb":{"@id":"https:\/\/www.hotellapaul.it\/centro-fiere-verona-fieragricola\/#breadcrumb"},"inLanguage":"fr-FR","potentialAction":[{"@type":"ReadAction","target":["https:\/\/www.hotellapaul.it\/centro-fiere-verona-fieragricola\/"]}]},{"@type":"ImageObject","inLanguage":"fr-FR","@id":"https:\/\/www.hotellapaul.it\/centro-fiere-verona-fieragricola\/#primaryimage","url":"https:\/\/www.hotellapaul.it\/wp-content\/uploads\/2016\/01\/fiera-Fieragricola-verona-1024.jpg","contentUrl":"https:\/\/www.hotellapaul.it\/wp-content\/uploads\/2016\/01\/fiera-Fieragricola-verona-1024.jpg","width":1024,"height":768,"caption":"fiera-Fieragricola-verona"},{"@type":"BreadcrumbList","@id":"https:\/\/www.hotellapaul.it\/centro-fiere-verona-fieragricola\/#breadcrumb","itemListElement":[{"@type":"ListItem","position":1,"name":"Home","item":"https:\/\/www.hotellapaul.it\/fr\/"},{"@type":"ListItem","position":2,"name":"FierAgricola &#8211; Verona Foire Center"}]},{"@type":"WebSite","@id":"https:\/\/www.hotellapaul.it\/#website","url":"https:\/\/www.hotellapaul.it\/","name":"Hotel La Paul","description":"Hotel dal 1958 a Sirmione","potentialAction":[{"@type":"SearchAction","target":{"@type":"EntryPoint","urlTemplate":"https:\/\/www.hotellapaul.it\/?s={search_term_string}"},"query-input":{"@type":"PropertyValueSpecification","valueRequired":true,"valueName":"search_term_string"}}],"inLanguage":"fr-FR"},{"@type":"Person","@id":"https:\/\/www.hotellapaul.it\/#\/schema\/person\/21932f7d6404e90d5c2cd4421acb50c0","name":"Pierpaolo Betta","sameAs":["http:\/\/hotellapaul.it"],"url":"https:\/\/www.hotellapaul.it\/fr\/author\/pier\/"}]}},"_links":{"self":[{"href":"https:\/\/www.hotellapaul.it\/fr\/wp-json\/wp\/v2\/posts\/2081","targetHints":{"allow":["GET"]}}],"collection":[{"href":"https:\/\/www.hotellapaul.it\/fr\/wp-json\/wp\/v2\/posts"}],"about":[{"href":"https:\/\/www.hotellapaul.it\/fr\/wp-json\/wp\/v2\/types\/post"}],"author":[{"embeddable":true,"href":"https:\/\/www.hotellapaul.it\/fr\/wp-json\/wp\/v2\/users\/2"}],"replies":[{"embeddable":true,"href":"https:\/\/www.hotellapaul.it\/fr\/wp-json\/wp\/v2\/comments?post=2081"}],"version-history":[{"count":0,"href":"https:\/\/www.hotellapaul.it\/fr\/wp-json\/wp\/v2\/posts\/2081\/revisions"}],"wp:featuredmedia":[{"embeddable":true,"href":"https:\/\/www.hotellapaul.it\/fr\/wp-json\/wp\/v2\/media\/8977"}],"wp:attachment":[{"href":"https:\/\/www.hotellapaul.it\/fr\/wp-json\/wp\/v2\/media?parent=2081"}],"wp:term":[{"taxonomy":"category","embeddable":true,"href":"https:\/\/www.hotellapaul.it\/fr\/wp-json\/wp\/v2\/categories?post=2081"},{"taxonomy":"post_tag","embeddable":true,"href":"https:\/\/www.hotellapaul.it\/fr\/wp-json\/wp\/v2\/tags?post=2081"}],"curies":[{"name":"wp","href":"https:\/\/api.w.org\/{rel}","templated":true}]}}