{"id":2085,"date":"2016-01-17T16:16:49","date_gmt":"2016-01-17T15:16:49","guid":{"rendered":"https:\/\/www.hotellapaul.it\/?p=2085"},"modified":"2026-01-06T11:12:38","modified_gmt":"2026-01-06T10:12:38","slug":"fieragricola-messezentrum-verona","status":"publish","type":"post","link":"https:\/\/www.hotellapaul.it\/de\/fieragricola-messezentrum-verona\/","title":{"rendered":"FierAgricola &#8211; Messezentrum Verona"},"content":{"rendered":"\n<h2 class=\"wp-block-heading\">FierAgricola<\/h2>\n\n\n\n<h3 class=\"wp-block-heading\">Messezentrum Verona Januar &#8211; Februar <\/h3>\n\n\n\n<p>Fieragricola in Verona Exhibition Centre zielt darauf ab, mehr als hundert Jahren als das wichtigste Ereignis auf der internationalen Ebene zu sein, wie Landwirtschaft und Viehzucht mit einer breiten Palette von Konferenzen , dass sowohl von Produkten und Einrichtungen in der Landwirtschaft eingesetzt.&nbsp;Fieragricola ist \u00fcber hundert Jahren die italienische Veranstaltung auf internationaler Ebene auf die Welt der Landwirtschaft, bietet eine breite Palette von Produkten und Technologien f\u00fcr alle Bereiche in der Landwirtschaft, aus mecccanico , Landwirtschaft , erneuerbare Energien , Dienstleistungen und Agrosupplies .<\/p>\n\n\n\n<p>Fieragricola ist in f\u00fcnf Themenbereiche gegliedert:<br>Landwirtschaftliche Maschinen und Ger\u00e4te : Traktoren, Maschinen und Ger\u00e4te f\u00fcr die Bodenbearbeitung , Aussaat , Bew\u00e4sserung, D\u00fcngung, Pflanzenschutz , Ernte , Lagerung und Transport , Teile, Motoren und Maschinen, Forstverwaltung gr\u00fcn<br>Agrosupplies und Pflanzengenetik : technische Mittel<br>Dienstleistungen f\u00fcr die Landwirtschaft: Gesellschaft und Forschungsorganisationen , Banken , Versicherungen, ist, wie man die Aktivit\u00e4ten zu unterscheiden , dass die Einkommensquellen<br>Zucht : Technologien, Ger\u00e4te und Produkte f\u00fcr die Tierzucht , Tierern\u00e4hrung , Tierzucht , Tiermedizin, speziell f\u00fcr Milch und Fleisch<br>Erneuerbare Energien: neue Technologien, neue Produkte, ihre Verwendung, die zur Kosteneinsparung in der Verwaltung und Produktion; Treffpunkte zwischen Erzeugung erneuerbarer Energien und landwirtschaftliche Betreiber<\/p>\n\n\n\n<p>Wenn Sie mehr wissen m\u00f6chten <a href=\"http:\/\/www.hotel-in-sirmione.it\/de\/messe-verona-fieragricola\/\" target=\"_blank\" rel=\"noopener\">&#8230;.. lesen Sie mehr<\/a><\/p>\n\n\n\n<p><strong>STUNDEN<\/strong><br>von Donnerstag bis Sonntag : von 9.00 bis 18.00<\/p>\n\n\n\n<p><strong>TICKETS<\/strong><br>Eing\u00e4nge: Can Grande &#8211; San Zeno &#8211; K\u00f6nig Theoderich<br>Voller Preis 15 \u20ac<br>Konzessionen 10 \u20ac &#8211; basmbini 6-12 Jahre + + \u00fcber 65 Studenten<br>Abonnement 28 \u20ac<br><a href=\"https:\/\/www.hotellapaul.it\/wp-content\/uploads\/2016\/01\/fieragricola-logo.jpg\"><img loading=\"lazy\" decoding=\"async\" class=\"alignnone wp-image-2077 size-full\" title=\"fieragricola\" src=\"https:\/\/www.hotellapaul.it\/wp-content\/uploads\/2016\/01\/fieragricola-logo.jpg\" alt=\"fieragricola\" width=\"230\" height=\"144\"><\/a><\/p>\n\n\n\n<div class=\"wp-block-buttons is-content-justification-center is-layout-flex wp-container-core-buttons-is-layout-16018d1d wp-block-buttons-is-layout-flex\">\n<div class=\"wp-block-button\"><a class=\"wp-block-button__link wp-element-button\" href=\"https:\/\/reservations.verticalbooking.com\/\/premium\/index_pacchetti_2.html?id_albergo=25853&amp;dc=6560&amp;lingua_int=deu&amp;id_stile=19786&amp;id_prodotto_sel=20\" target=\"_blank\" rel=\"noreferrer noopener\">PREISE UND ANGEBOTE ANSEHEN<\/a><\/div>\n<\/div>\n","protected":false},"excerpt":{"rendered":"<p>FierAgricola Messezentrum Verona Januar &#8211; Februar Fieragricola in Verona Exhibition Centre zielt [&hellip;]<\/p>\n","protected":false},"author":2,"featured_media":8977,"comment_status":"closed","ping_status":"closed","sticky":false,"template":"","format":"standard","meta":{"_acf_changed":false,"footnotes":""},"categories":[68],"tags":[],"class_list":["post-2085","post","type-post","status-publish","format-standard","has-post-thumbnail","hentry","category-vergangene-ereignisse"],"acf":[],"yoast_head":"<!-- This site is optimized with the Yoast SEO plugin v27.5 - https:\/\/yoast.com\/product\/yoast-seo-wordpress\/ -->\n<title>FierAgricola | Messezentrum Verona | Hotel La Paul<\/title>\n<meta name=\"description\" content=\"Fieragricola ist die alle zwei Jahre mit der Welt der Landwirtschaft, der internationalen Ebene auf die Verona Exhibition Centre\" \/>\n<meta name=\"robots\" content=\"index, follow, max-snippet:-1, max-image-preview:large, max-video-preview:-1\" \/>\n<link rel=\"canonical\" href=\"https:\/\/www.hotellapaul.it\/de\/fieragricola-messezentrum-verona\/\" \/>\n<meta property=\"og:locale\" content=\"de_DE\" \/>\n<meta property=\"og:type\" content=\"article\" \/>\n<meta property=\"og:title\" content=\"FierAgricola | Messezentrum Verona | Hotel La Paul\" \/>\n<meta property=\"og:description\" content=\"Fieragricola ist die alle zwei Jahre mit der Welt der Landwirtschaft, der internationalen Ebene auf die Verona Exhibition Centre\" \/>\n<meta property=\"og:url\" content=\"https:\/\/www.hotellapaul.it\/de\/fieragricola-messezentrum-verona\/\" \/>\n<meta property=\"og:site_name\" content=\"Hotel La Paul\" \/>\n<meta property=\"article:published_time\" content=\"2016-01-17T15:16:49+00:00\" \/>\n<meta property=\"article:modified_time\" content=\"2026-01-06T10:12:38+00:00\" \/>\n<meta property=\"og:image\" content=\"https:\/\/www.hotellapaul.it\/wp-content\/uploads\/2016\/01\/fiera-Fieragricola-verona-1024.jpg\" \/>\n\t<meta property=\"og:image:width\" content=\"1024\" \/>\n\t<meta property=\"og:image:height\" content=\"768\" \/>\n\t<meta property=\"og:image:type\" content=\"image\/jpeg\" \/>\n<meta name=\"author\" content=\"Pierpaolo Betta\" \/>\n<meta name=\"twitter:card\" content=\"summary_large_image\" \/>\n<meta name=\"twitter:label1\" content=\"Verfasst von\" \/>\n\t<meta name=\"twitter:data1\" content=\"Pierpaolo Betta\" \/>\n\t<meta name=\"twitter:label2\" content=\"Gesch\u00e4tzte Lesezeit\" \/>\n\t<meta name=\"twitter:data2\" content=\"2\u00a0Minuten\" \/>\n<script type=\"application\/ld+json\" class=\"yoast-schema-graph\">{\"@context\":\"https:\\\/\\\/schema.org\",\"@graph\":[{\"@type\":\"Article\",\"@id\":\"https:\\\/\\\/www.hotellapaul.it\\\/de\\\/fieragricola-messezentrum-verona\\\/#article\",\"isPartOf\":{\"@id\":\"https:\\\/\\\/www.hotellapaul.it\\\/de\\\/fieragricola-messezentrum-verona\\\/\"},\"author\":{\"name\":\"Pierpaolo Betta\",\"@id\":\"https:\\\/\\\/www.hotellapaul.it\\\/#\\\/schema\\\/person\\\/21932f7d6404e90d5c2cd4421acb50c0\"},\"headline\":\"FierAgricola &#8211; Messezentrum Verona\",\"datePublished\":\"2016-01-17T15:16:49+00:00\",\"dateModified\":\"2026-01-06T10:12:38+00:00\",\"mainEntityOfPage\":{\"@id\":\"https:\\\/\\\/www.hotellapaul.it\\\/de\\\/fieragricola-messezentrum-verona\\\/\"},\"wordCount\":236,\"image\":{\"@id\":\"https:\\\/\\\/www.hotellapaul.it\\\/de\\\/fieragricola-messezentrum-verona\\\/#primaryimage\"},\"thumbnailUrl\":\"https:\\\/\\\/www.hotellapaul.it\\\/wp-content\\\/uploads\\\/2016\\\/01\\\/fiera-Fieragricola-verona-1024.jpg\",\"articleSection\":[\"Vergangene Ereignisse\"],\"inLanguage\":\"de\"},{\"@type\":\"WebPage\",\"@id\":\"https:\\\/\\\/www.hotellapaul.it\\\/de\\\/fieragricola-messezentrum-verona\\\/\",\"url\":\"https:\\\/\\\/www.hotellapaul.it\\\/de\\\/fieragricola-messezentrum-verona\\\/\",\"name\":\"FierAgricola | Messezentrum Verona | Hotel La Paul\",\"isPartOf\":{\"@id\":\"https:\\\/\\\/www.hotellapaul.it\\\/#website\"},\"primaryImageOfPage\":{\"@id\":\"https:\\\/\\\/www.hotellapaul.it\\\/de\\\/fieragricola-messezentrum-verona\\\/#primaryimage\"},\"image\":{\"@id\":\"https:\\\/\\\/www.hotellapaul.it\\\/de\\\/fieragricola-messezentrum-verona\\\/#primaryimage\"},\"thumbnailUrl\":\"https:\\\/\\\/www.hotellapaul.it\\\/wp-content\\\/uploads\\\/2016\\\/01\\\/fiera-Fieragricola-verona-1024.jpg\",\"datePublished\":\"2016-01-17T15:16:49+00:00\",\"dateModified\":\"2026-01-06T10:12:38+00:00\",\"author\":{\"@id\":\"https:\\\/\\\/www.hotellapaul.it\\\/#\\\/schema\\\/person\\\/21932f7d6404e90d5c2cd4421acb50c0\"},\"description\":\"Fieragricola ist die alle zwei Jahre mit der Welt der Landwirtschaft, der internationalen Ebene auf die Verona Exhibition Centre\",\"breadcrumb\":{\"@id\":\"https:\\\/\\\/www.hotellapaul.it\\\/de\\\/fieragricola-messezentrum-verona\\\/#breadcrumb\"},\"inLanguage\":\"de\",\"potentialAction\":[{\"@type\":\"ReadAction\",\"target\":[\"https:\\\/\\\/www.hotellapaul.it\\\/de\\\/fieragricola-messezentrum-verona\\\/\"]}]},{\"@type\":\"ImageObject\",\"inLanguage\":\"de\",\"@id\":\"https:\\\/\\\/www.hotellapaul.it\\\/de\\\/fieragricola-messezentrum-verona\\\/#primaryimage\",\"url\":\"https:\\\/\\\/www.hotellapaul.it\\\/wp-content\\\/uploads\\\/2016\\\/01\\\/fiera-Fieragricola-verona-1024.jpg\",\"contentUrl\":\"https:\\\/\\\/www.hotellapaul.it\\\/wp-content\\\/uploads\\\/2016\\\/01\\\/fiera-Fieragricola-verona-1024.jpg\",\"width\":1024,\"height\":768,\"caption\":\"fiera-Fieragricola-verona\"},{\"@type\":\"BreadcrumbList\",\"@id\":\"https:\\\/\\\/www.hotellapaul.it\\\/de\\\/fieragricola-messezentrum-verona\\\/#breadcrumb\",\"itemListElement\":[{\"@type\":\"ListItem\",\"position\":1,\"name\":\"Home\",\"item\":\"https:\\\/\\\/www.hotellapaul.it\\\/de\\\/\"},{\"@type\":\"ListItem\",\"position\":2,\"name\":\"FierAgricola &#8211; Messezentrum Verona\"}]},{\"@type\":\"WebSite\",\"@id\":\"https:\\\/\\\/www.hotellapaul.it\\\/#website\",\"url\":\"https:\\\/\\\/www.hotellapaul.it\\\/\",\"name\":\"Hotel La Paul\",\"description\":\"Hotel dal 1958 a Sirmione\",\"potentialAction\":[{\"@type\":\"SearchAction\",\"target\":{\"@type\":\"EntryPoint\",\"urlTemplate\":\"https:\\\/\\\/www.hotellapaul.it\\\/?s={search_term_string}\"},\"query-input\":{\"@type\":\"PropertyValueSpecification\",\"valueRequired\":true,\"valueName\":\"search_term_string\"}}],\"inLanguage\":\"de\"},{\"@type\":\"Person\",\"@id\":\"https:\\\/\\\/www.hotellapaul.it\\\/#\\\/schema\\\/person\\\/21932f7d6404e90d5c2cd4421acb50c0\",\"name\":\"Pierpaolo Betta\",\"sameAs\":[\"http:\\\/\\\/hotellapaul.it\"],\"url\":\"https:\\\/\\\/www.hotellapaul.it\\\/de\\\/author\\\/pier\\\/\"}]}<\/script>\n<!-- \/ Yoast SEO plugin. -->","yoast_head_json":{"title":"FierAgricola | Messezentrum Verona | Hotel La Paul","description":"Fieragricola ist die alle zwei Jahre mit der Welt der Landwirtschaft, der internationalen Ebene auf die Verona Exhibition Centre","robots":{"index":"index","follow":"follow","max-snippet":"max-snippet:-1","max-image-preview":"max-image-preview:large","max-video-preview":"max-video-preview:-1"},"canonical":"https:\/\/www.hotellapaul.it\/de\/fieragricola-messezentrum-verona\/","og_locale":"de_DE","og_type":"article","og_title":"FierAgricola | Messezentrum Verona | Hotel La Paul","og_description":"Fieragricola ist die alle zwei Jahre mit der Welt der Landwirtschaft, der internationalen Ebene auf die Verona Exhibition Centre","og_url":"https:\/\/www.hotellapaul.it\/de\/fieragricola-messezentrum-verona\/","og_site_name":"Hotel La Paul","article_published_time":"2016-01-17T15:16:49+00:00","article_modified_time":"2026-01-06T10:12:38+00:00","og_image":[{"width":1024,"height":768,"url":"https:\/\/www.hotellapaul.it\/wp-content\/uploads\/2016\/01\/fiera-Fieragricola-verona-1024.jpg","type":"image\/jpeg"}],"author":"Pierpaolo Betta","twitter_card":"summary_large_image","twitter_misc":{"Verfasst von":"Pierpaolo Betta","Gesch\u00e4tzte Lesezeit":"2\u00a0Minuten"},"schema":{"@context":"https:\/\/schema.org","@graph":[{"@type":"Article","@id":"https:\/\/www.hotellapaul.it\/de\/fieragricola-messezentrum-verona\/#article","isPartOf":{"@id":"https:\/\/www.hotellapaul.it\/de\/fieragricola-messezentrum-verona\/"},"author":{"name":"Pierpaolo Betta","@id":"https:\/\/www.hotellapaul.it\/#\/schema\/person\/21932f7d6404e90d5c2cd4421acb50c0"},"headline":"FierAgricola &#8211; Messezentrum Verona","datePublished":"2016-01-17T15:16:49+00:00","dateModified":"2026-01-06T10:12:38+00:00","mainEntityOfPage":{"@id":"https:\/\/www.hotellapaul.it\/de\/fieragricola-messezentrum-verona\/"},"wordCount":236,"image":{"@id":"https:\/\/www.hotellapaul.it\/de\/fieragricola-messezentrum-verona\/#primaryimage"},"thumbnailUrl":"https:\/\/www.hotellapaul.it\/wp-content\/uploads\/2016\/01\/fiera-Fieragricola-verona-1024.jpg","articleSection":["Vergangene Ereignisse"],"inLanguage":"de"},{"@type":"WebPage","@id":"https:\/\/www.hotellapaul.it\/de\/fieragricola-messezentrum-verona\/","url":"https:\/\/www.hotellapaul.it\/de\/fieragricola-messezentrum-verona\/","name":"FierAgricola | Messezentrum Verona | Hotel La Paul","isPartOf":{"@id":"https:\/\/www.hotellapaul.it\/#website"},"primaryImageOfPage":{"@id":"https:\/\/www.hotellapaul.it\/de\/fieragricola-messezentrum-verona\/#primaryimage"},"image":{"@id":"https:\/\/www.hotellapaul.it\/de\/fieragricola-messezentrum-verona\/#primaryimage"},"thumbnailUrl":"https:\/\/www.hotellapaul.it\/wp-content\/uploads\/2016\/01\/fiera-Fieragricola-verona-1024.jpg","datePublished":"2016-01-17T15:16:49+00:00","dateModified":"2026-01-06T10:12:38+00:00","author":{"@id":"https:\/\/www.hotellapaul.it\/#\/schema\/person\/21932f7d6404e90d5c2cd4421acb50c0"},"description":"Fieragricola ist die alle zwei Jahre mit der Welt der Landwirtschaft, der internationalen Ebene auf die Verona Exhibition Centre","breadcrumb":{"@id":"https:\/\/www.hotellapaul.it\/de\/fieragricola-messezentrum-verona\/#breadcrumb"},"inLanguage":"de","potentialAction":[{"@type":"ReadAction","target":["https:\/\/www.hotellapaul.it\/de\/fieragricola-messezentrum-verona\/"]}]},{"@type":"ImageObject","inLanguage":"de","@id":"https:\/\/www.hotellapaul.it\/de\/fieragricola-messezentrum-verona\/#primaryimage","url":"https:\/\/www.hotellapaul.it\/wp-content\/uploads\/2016\/01\/fiera-Fieragricola-verona-1024.jpg","contentUrl":"https:\/\/www.hotellapaul.it\/wp-content\/uploads\/2016\/01\/fiera-Fieragricola-verona-1024.jpg","width":1024,"height":768,"caption":"fiera-Fieragricola-verona"},{"@type":"BreadcrumbList","@id":"https:\/\/www.hotellapaul.it\/de\/fieragricola-messezentrum-verona\/#breadcrumb","itemListElement":[{"@type":"ListItem","position":1,"name":"Home","item":"https:\/\/www.hotellapaul.it\/de\/"},{"@type":"ListItem","position":2,"name":"FierAgricola &#8211; Messezentrum Verona"}]},{"@type":"WebSite","@id":"https:\/\/www.hotellapaul.it\/#website","url":"https:\/\/www.hotellapaul.it\/","name":"Hotel La Paul","description":"Hotel dal 1958 a Sirmione","potentialAction":[{"@type":"SearchAction","target":{"@type":"EntryPoint","urlTemplate":"https:\/\/www.hotellapaul.it\/?s={search_term_string}"},"query-input":{"@type":"PropertyValueSpecification","valueRequired":true,"valueName":"search_term_string"}}],"inLanguage":"de"},{"@type":"Person","@id":"https:\/\/www.hotellapaul.it\/#\/schema\/person\/21932f7d6404e90d5c2cd4421acb50c0","name":"Pierpaolo Betta","sameAs":["http:\/\/hotellapaul.it"],"url":"https:\/\/www.hotellapaul.it\/de\/author\/pier\/"}]}},"_links":{"self":[{"href":"https:\/\/www.hotellapaul.it\/de\/wp-json\/wp\/v2\/posts\/2085","targetHints":{"allow":["GET"]}}],"collection":[{"href":"https:\/\/www.hotellapaul.it\/de\/wp-json\/wp\/v2\/posts"}],"about":[{"href":"https:\/\/www.hotellapaul.it\/de\/wp-json\/wp\/v2\/types\/post"}],"author":[{"embeddable":true,"href":"https:\/\/www.hotellapaul.it\/de\/wp-json\/wp\/v2\/users\/2"}],"replies":[{"embeddable":true,"href":"https:\/\/www.hotellapaul.it\/de\/wp-json\/wp\/v2\/comments?post=2085"}],"version-history":[{"count":0,"href":"https:\/\/www.hotellapaul.it\/de\/wp-json\/wp\/v2\/posts\/2085\/revisions"}],"wp:featuredmedia":[{"embeddable":true,"href":"https:\/\/www.hotellapaul.it\/de\/wp-json\/wp\/v2\/media\/8977"}],"wp:attachment":[{"href":"https:\/\/www.hotellapaul.it\/de\/wp-json\/wp\/v2\/media?parent=2085"}],"wp:term":[{"taxonomy":"category","embeddable":true,"href":"https:\/\/www.hotellapaul.it\/de\/wp-json\/wp\/v2\/categories?post=2085"},{"taxonomy":"post_tag","embeddable":true,"href":"https:\/\/www.hotellapaul.it\/de\/wp-json\/wp\/v2\/tags?post=2085"}],"curies":[{"name":"wp","href":"https:\/\/api.w.org\/{rel}","templated":true}]}}